[{"@context":"https:\/\/schema.org\/","@type":"Article","@id":"https:\/\/www.nargila.cz\/budapest\/#Article","mainEntityOfPage":"https:\/\/www.nargila.cz\/budapest\/","headline":"Budape\u0161\u0165","name":"Budape\u0161\u0165","description":"Budape\u0161ti se \u0159\u00edk\u00e1 Kr\u00e1lovna Dunaje. M\u011bsto nab\u00edz\u00ed p\u0159\u00edchu\u0165 pikantnosti vzhledem ke sv\u00e9 historii a d\u00edky...","datePublished":"2025-03-06","dateModified":"2023-04-29","author":{"@type":"Person","@id":"https:\/\/www.nargila.cz\/author\/#Person","name":"","url":"https:\/\/www.nargila.cz\/author\/","identifier":1,"image":{"@type":"ImageObject","@id":"https:\/\/secure.gravatar.com\/avatar\/591310831c6f562dead2685065c7bfb166baf64da6e0332ad9d0a2e9c6c14446?s=96&d=mm&r=g","url":"https:\/\/secure.gravatar.com\/avatar\/591310831c6f562dead2685065c7bfb166baf64da6e0332ad9d0a2e9c6c14446?s=96&d=mm&r=g","height":96,"width":96}},"publisher":{"@type":"Organization","name":"nargila.cz","logo":{"@type":"ImageObject","@id":"\/logo.png","url":"\/logo.png","width":600,"height":60}},"image":{"@type":"ImageObject","@id":"https:\/\/www.nargila.cz\/wp-content\/uploads\/img_a294902_w2344_t1506622826.jpg","url":"https:\/\/www.nargila.cz\/wp-content\/uploads\/img_a294902_w2344_t1506622826.jpg","height":0,"width":0},"url":"https:\/\/www.nargila.cz\/budapest\/","wordCount":421,"articleBody":" Budape\u0161ti se \u0159\u00edk\u00e1 Kr\u00e1lovna Dunaje. M\u011bsto nab\u00edz\u00ed p\u0159\u00edchu\u0165 pikantnosti vzhledem ke sv\u00e9 historii a d\u00edky sv\u00e9 typick\u00e9 kuchyni. Genia loci podtrhuje zdej\u0161\u00ed typick\u00fd temperament, kter\u00fd se odr\u00e1\u017e\u00ed v melodi\u00edch \u010dard\u00e1\u0161\u016f. Nicm\u00e9n\u011b Budape\u0161\u0165 je tak\u00e9 nejv\u00fdznamn\u011bj\u0161\u00edm l\u00e1ze\u0148sk\u00fdm m\u011bstem. Nach\u00e1z\u00ed se zde dohromady123 term\u00e1ln\u00edch pramen\u016f. Ur\u010dit\u011b nen\u00ed od v\u011bci spojit p\u0159\u00edjemn\u00e9 s u\u017eite\u010dn\u00fdm. Nav\u0161tivte p\u0159ekr\u00e1sn\u00e9 evropsk\u00e9 m\u011bsto, dop\u0159eje si typickou ma\u010farskou gastronomii a dop\u0159ejte si l\u00e1ze\u0148skou kulturu, kter\u00e1 se od t\u00e9 na\u0161\u00ed dost li\u0161\u00ed.  Skute\u010dnosti, \u017ee je Budape\u0161\u0165 nejslavn\u011bj\u0161\u00edm l\u00e1ze\u0148sk\u00fdm m\u011bstem sv\u011bta m\u011bsto m\u016f\u017ee pod\u011bkovat tureck\u00e9 okupaci. L\u00e9\u010div\u00fdch pramen\u016f sice vyu\u017e\u00edvali u\u017e od dob \u0159\u00edmsk\u00e9ho os\u00eddlen\u00ed, ale prvn\u00ed l\u00e1zn\u011b v zalo\u017eili Turkov\u00e9 koncem patn\u00e1ct\u00e9ho stolet\u00ed. Tady je t\u0159eba si uv\u011bdomit ur\u010ditou individualitu v\u011bt\u0161iny budape\u0161\u0165sk\u00fdch l\u00e1zn\u00ed. Lid\u00e9 je nenav\u0161t\u011bvuj\u00ed jen za \u00fa\u010delem terapeutick\u00fdm, ale tak\u00e9 ze spole\u010densk\u00fdch d\u016fvod\u016f, tak jako tomu bylo u\u017e d\u00e1vno v minulosti. Proto se v ma\u010farsk\u00fdch l\u00e1zn\u00edch a to nikoli jen t\u011bch budape\u0161\u0165sk\u00fdch po\u0159\u00e1daj\u00ed tak\u00e9 koncerty a r\u016fzn\u00e9 kulturn\u00ed akce. Ve m\u011bst\u011b se nach\u00e1z\u00ed zhruba 30 l\u00e1zn\u00ed. Pokusme si p\u0159edstavit alespo\u0148 ty nejzn\u00e1m\u011bj\u0161\u00ed, nejkr\u00e1sn\u011bj\u0161\u00ed a nejslavn\u011bj\u0161\u00ed l\u00e1zn\u011b.   L\u00e1zn\u011b Gell\u00e9rd Pat\u0159\u00ed mezi nejslavn\u011bj\u0161\u00ed a nejok\u00e1zalej\u0161\u00ed l\u00e1zn\u011b ve m\u011bst\u011b. V podstat\u011b se jedn\u00e1 o rozs\u00e1hl\u00e9 hotelov\u00e9 l\u00e1zn\u011b stejnojmenn\u00e9ho secesn\u00edho luxusn\u00edho hotelu. L\u00e1zn\u011b Luk\u00e1sc Jedn\u00e1 se o l\u00e1zn\u011b, jejich\u017e historie sah\u00e1 a\u017e do 12. stolet\u00ed. Sou\u010dasn\u00e9 l\u00e1zn\u011b jsou velmi modern\u00edm l\u00e1ze\u0148sk\u00fdm za\u0159\u00edzen\u00edm, kter\u00e9 je z\u00e1sobov\u00e1no 17 l\u00e9\u010div\u00fdmi prameny. L\u00e1zn\u011b Kiraly Pat\u0159\u00ed k nejstar\u0161\u00edm l\u00e1zn\u00edm ve m\u011bst\u011b. Zalo\u017eil je pa\u0161a Aslan v 16. stolet\u00ed a osmansk\u00fd vliv je patrn\u00fd dodnes d\u00edky tureck\u00e9 architektu\u0159e. L\u00e1zn\u011b Rudas Jedn\u00e1 se o nejstar\u0161\u00ed l\u00e1zn\u011b na \u00fazem\u00ed m\u011bsta, zalo\u017eeny byly ji\u017e koncem patn\u00e1ct\u00e9ho stolet\u00ed. Za l\u00e9\u010div\u00e9 \u00fa\u010dinky pramen\u016f vd\u011b\u010d\u00edme s\u00ed\u0159e a v\u00e1pn\u00edku.  L\u00e1zn\u011b Sz\u00e9chenyi Jedn\u00e1 se o nejv\u011bt\u0161\u00ed term\u00e1ln\u00ed l\u00e1zn\u011b v Evrop\u011b a pat\u0159\u00ed mezi nejnav\u0161t\u011bvovan\u011bj\u0161\u00ed l\u00e1zn\u011b sv\u011bta.                                                                                                                                                                                                                                                                                                                                                                                         5\/5 - (2 votes)        "},{"@context":"https:\/\/schema.org\/","@type":"BreadcrumbList","itemListElement":[{"@type":"ListItem","position":1,"name":"Budape\u0161\u0165","item":"https:\/\/www.nargila.cz\/budapest\/#breadcrumbitem"}]}]