[{"@context":"https:\/\/schema.org\/","@type":"Article","@id":"https:\/\/www.nargila.cz\/detaily-zvyraznuji-osobnost\/#Article","mainEntityOfPage":"https:\/\/www.nargila.cz\/detaily-zvyraznuji-osobnost\/","headline":"Detaily zv\u00fdraz\u0148uj\u00ed osobnost","name":"Detaily zv\u00fdraz\u0148uj\u00ed osobnost","description":"D\u00e1msk\u00e1 bunda je z\u00e1sadn\u00edm m\u00f3dn\u00edm kouskem, kter\u00fd o\u017eiv\u00ed v\u00e1\u0161 outfit. Ta v\u00e1s ochr\u00e1n\u00ed nejen p\u0159ed...","datePublished":"2024-12-19","dateModified":"2024-12-19","author":{"@type":"Person","@id":"https:\/\/www.nargila.cz\/author\/#Person","name":"","url":"https:\/\/www.nargila.cz\/author\/","identifier":1,"image":{"@type":"ImageObject","@id":"https:\/\/secure.gravatar.com\/avatar\/591310831c6f562dead2685065c7bfb166baf64da6e0332ad9d0a2e9c6c14446?s=96&d=mm&r=g","url":"https:\/\/secure.gravatar.com\/avatar\/591310831c6f562dead2685065c7bfb166baf64da6e0332ad9d0a2e9c6c14446?s=96&d=mm&r=g","height":96,"width":96}},"publisher":{"@type":"Organization","name":"nargila.cz","logo":{"@type":"ImageObject","@id":"\/logo.png","url":"\/logo.png","width":600,"height":60}},"url":"https:\/\/www.nargila.cz\/detaily-zvyraznuji-osobnost\/","wordCount":171,"articleBody":"D\u00e1msk\u00e1 bunda je z\u00e1sadn\u00edm m\u00f3dn\u00edm kouskem, kter\u00fd o\u017eiv\u00ed v\u00e1\u0161 outfit. Ta v\u00e1s ochr\u00e1n\u00ed nejen p\u0159ed nep\u0159\u00edzniv\u00fdm po\u010das\u00ed, jako jsou mrazy, d\u00e9\u0161\u0165, sn\u011b\u017een\u00ed \u010di v\u00edtr, ale m\u016f\u017ee se tak\u00e9 st\u00e1t m\u00f3dn\u00edm dopl\u0148kem pro ka\u017edou p\u0159\u00edle\u017eitost. Pokud chcete zv\u00fdraznit svou osobnost, myslete na d\u016fle\u017eit\u00e9 detaily, jako jsou ko\u017ee\u0161inov\u00e9 kapuce, p\u00e1sky \u010di zlat\u00e9 a leskl\u00e9 dopl\u0148ky. Elegantn\u00ed a luxusn\u00ed oble\u010den\u00ed pro v\u0161echny S na\u0161imi v\u00fdrobky budete v teple a z\u00e1rove\u0148 budete vypadat elegantn\u011b. Stylov\u00e9 kab\u00e1ty a bundy za\u0159\u00edd\u00ed, \u017ee v\u00e1m nebude zima a budete se c\u00edtit p\u0159\u00edjemn\u011b a luxusn\u011b. Ka\u017ed\u00fd v\u00e1m bude z\u00e1vid\u011bt a stanete se m\u00f3dn\u00ed ikonou nejen pro va\u0161e zn\u00e1m\u00e9. Zvolte styl dle va\u0161\u00ed osobnosti, nebo zkuste trochu experimentovat a naj\u00edt v\u00fdrobek, d\u00edky kter\u00e9mu budete vy\u010dn\u00edvat z \u0159ady.                                                                                                                                                                                                                                                                                                                                                                                        4\/5 - (1 vote)        "},{"@context":"https:\/\/schema.org\/","@type":"BreadcrumbList","itemListElement":[{"@type":"ListItem","position":1,"name":"Detaily zv\u00fdraz\u0148uj\u00ed osobnost","item":"https:\/\/www.nargila.cz\/detaily-zvyraznuji-osobnost\/#breadcrumbitem"}]}]