[{"@context":"https:\/\/schema.org\/","@type":"Article","@id":"https:\/\/www.nargila.cz\/i-prostor-pro-prevlekani-musi-vypadat-dobre-a-mit-uroven\/#Article","mainEntityOfPage":"https:\/\/www.nargila.cz\/i-prostor-pro-prevlekani-musi-vypadat-dobre-a-mit-uroven\/","headline":"I prostor pro p\u0159evl\u00e9k\u00e1n\u00ed mus\u00ed vypadat dob\u0159e a m\u00edt \u00farove\u0148","name":"I prostor pro p\u0159evl\u00e9k\u00e1n\u00ed mus\u00ed vypadat dob\u0159e a m\u00edt \u00farove\u0148","description":"I m\u00edsto, kde se p\u0159evl\u00e9k\u00e1te, by m\u011blo m\u00edt ur\u010ditou \u00farove\u0148. M\u011blo by b\u00fdt uklizen\u00e9, \u010dist\u00e9...","datePublished":"2017-08-10","dateModified":"2023-04-29","author":{"@type":"Person","@id":"https:\/\/www.nargila.cz\/author\/#Person","name":"","url":"https:\/\/www.nargila.cz\/author\/","identifier":1,"image":{"@type":"ImageObject","@id":"https:\/\/secure.gravatar.com\/avatar\/591310831c6f562dead2685065c7bfb166baf64da6e0332ad9d0a2e9c6c14446?s=96&d=mm&r=g","url":"https:\/\/secure.gravatar.com\/avatar\/591310831c6f562dead2685065c7bfb166baf64da6e0332ad9d0a2e9c6c14446?s=96&d=mm&r=g","height":96,"width":96}},"publisher":{"@type":"Organization","name":"nargila.cz","logo":{"@type":"ImageObject","@id":"\/logo.png","url":"\/logo.png","width":600,"height":60}},"image":{"@type":"ImageObject","@id":"https:\/\/www.nargila.cz\/wp-content\/uploads\/img_a296015_w2066_t1507306533.jpg","url":"https:\/\/www.nargila.cz\/wp-content\/uploads\/img_a296015_w2066_t1507306533.jpg","height":0,"width":0},"url":"https:\/\/www.nargila.cz\/i-prostor-pro-prevlekani-musi-vypadat-dobre-a-mit-uroven\/","about":["N\u00e1kupy"],"wordCount":416,"articleBody":"I m\u00edsto, kde se p\u0159evl\u00e9k\u00e1te, by m\u011blo m\u00edt ur\u010ditou \u00farove\u0148. M\u011blo by b\u00fdt uklizen\u00e9, \u010dist\u00e9 a vybaven\u00e9 kvalitn\u00edm a funk\u010dn\u00edm n\u00e1bytkem, do kter\u00e9ho si m\u016f\u017eete bezpe\u010dn\u011b sv\u00e9 v\u011bci odlo\u017eit a v\u00edte, \u017ee po celou dobu tam budou v bezpe\u010d\u00ed. \u0158e\u010d te\u010f nen\u00ed o sk\u0159\u00edn\u00edch doma, ale o \u0161atn\u00e1ch v\u00edce \u010di m\u00e9n\u011b ve\u0159ejn\u00fdch, t\u011bch, co jsou um\u00edst\u011bny nap\u0159\u00edklad na plaveck\u00fdch stadionech, ve fitness centrech, v zam\u011bstn\u00e1n\u00ed i \u0161kol\u00e1ch. Zde v\u0161ude se p\u0159evl\u00e9k\u00e1te \u010di p\u0159ezouv\u00e1te do ur\u010dit\u00e9ho od\u011bvu \u010di obuvi a oble\u010den\u00ed, ve kter\u00e9m jste p\u0159i\u0161li, pot\u0159ebujete bezpe\u010dn\u011b ulo\u017eit. Sk\u0159\u00edn\u011b s lavi\u010dkou zv\u00fd\u0161\u00ed komfort u\u017eivatel\u016f Sh\u00e1n\u00edte-li pr\u00e1v\u011b i vy vhodn\u00e9 vybaven\u00ed do prostoru pro p\u0159evl\u00e9k\u00e1n\u00ed, plechov\u00e9 \u0161atn\u00ed sk\u0159\u00edn\u011b budou ide\u00e1ln\u00ed. Jsou praktick\u00e9, vydr\u017e\u00ed z\u00e1t\u011b\u017e a nav\u00edc se snadno udr\u017euj\u00ed, co\u017e je v m\u00edstech, kde se ka\u017ed\u00fd den pohybuje mnoho lid\u00ed, velmi d\u016fle\u017eit\u00e9 z hlediska hygieny. U n\u00e1s si jist\u011b vyberete. V nab\u00eddce naleznete v\u00edce jak 20 variant r\u016fzn\u00fdch barev a velikost\u00ed. Pod\u00edvejte se sami, z jak\u00fdch parametr\u016f m\u00e1te na v\u00fdb\u011br: \u00b7 Z\u00e1kladna s lavi\u010dkou \u010di bez lavi\u010dky \u00b7 N\u011bkolik barevn\u00fdch proveden\u00ed dv\u00ed\u0159ek \u00b7 Z\u00e1mek oto\u010dn\u00fd nebo cylindrick\u00fd \u00b7 Materi\u00e1l dve\u0159\u00ed z plechu nebo laminovan\u00e9 d\u0159evot\u0159\u00edsky Spolehn\u011bte se na bezpe\u010dn\u00e9 ulo\u017een\u00ed va\u0161ich v\u011bc\u00ed Sva\u0159ovan\u00e1 konstrukce je jistota, na kterou se lze spolehnout, jen tak se nerozpadne. Vyberete-li si varianty s lavi\u010dkou, zv\u00fd\u0161\u00edte tak komfort a pohodl\u00ed p\u0159i p\u0159evl\u00e9k\u00e1n\u00ed, to jist\u011b mnoz\u00ed ocen\u00ed. Se z\u00e1mkem zase m\u00e1te zaji\u0161t\u011bnu naprostou bezpe\u010dnost pro v\u0161e ulo\u017een\u00e9.V ka\u017ed\u00e9 na\u0161\u00ed sk\u0159\u00edni d\u00e1le naleznete horn\u00ed polici, ty\u010d na ram\u00ednka, h\u00e1\u010dky a dokonce i jmenovku. Va\u0161e v\u011bci si tak ulo\u017e\u00edte, jak pot\u0159ebujete, a nehroz\u00ed, \u017ee se zma\u010dkaj\u00ed, co\u017e je bohu\u017eel u jin\u00e9ho podobn\u00e9ho n\u00e1bytku \u010dast\u00e9. Tak nev\u00e1hejte a p\u0159ij\u010fte si vybrat, ud\u011blejte z va\u0161\u00ed \u0161atny jedine\u010dn\u00fd prostor pro p\u0159evl\u00e9k\u00e1n\u00ed, odkud bude ka\u017ed\u00fd odch\u00e1zet s dobrou n\u00e1ladou.                                                                                                                                                                                                                                                                                                                                                                                        4.2\/5 - (5 votes)        "},{"@context":"https:\/\/schema.org\/","@type":"BreadcrumbList","itemListElement":[{"@type":"ListItem","position":1,"name":"I prostor pro p\u0159evl\u00e9k\u00e1n\u00ed mus\u00ed vypadat dob\u0159e a m\u00edt \u00farove\u0148","item":"https:\/\/www.nargila.cz\/i-prostor-pro-prevlekani-musi-vypadat-dobre-a-mit-uroven\/#breadcrumbitem"}]}]