[{"@context":"https:\/\/schema.org\/","@type":"Article","@id":"https:\/\/www.nargila.cz\/podnikat-bez-sidla-nelze\/#Article","mainEntityOfPage":"https:\/\/www.nargila.cz\/podnikat-bez-sidla-nelze\/","headline":"Podnikat bez s\u00eddla nelze","name":"Podnikat bez s\u00eddla nelze","description":"margin:0cm m 0cm 8pt&#8220;&gt;Ka\u017ed\u00fd, kdo chce m\u00edt svou firmu, mus\u00ed pro tuto d\u0159\u00edve ne\u017e co...","datePublished":"2022-07-15","dateModified":"2023-04-29","author":{"@type":"Person","@id":"https:\/\/www.nargila.cz\/author\/#Person","name":"","url":"https:\/\/www.nargila.cz\/author\/","identifier":1,"image":{"@type":"ImageObject","@id":"https:\/\/secure.gravatar.com\/avatar\/591310831c6f562dead2685065c7bfb166baf64da6e0332ad9d0a2e9c6c14446?s=96&d=mm&r=g","url":"https:\/\/secure.gravatar.com\/avatar\/591310831c6f562dead2685065c7bfb166baf64da6e0332ad9d0a2e9c6c14446?s=96&d=mm&r=g","height":96,"width":96}},"publisher":{"@type":"Organization","name":"nargila.cz","logo":{"@type":"ImageObject","@id":"\/logo.png","url":"\/logo.png","width":600,"height":60}},"image":{"@type":"ImageObject","@id":"https:\/\/www.nargila.cz\/wp-content\/uploads\/d%C5%AFm%20odern%C3%AD.jpg","url":"https:\/\/www.nargila.cz\/wp-content\/uploads\/d%C5%AFm%20odern%C3%AD.jpg","height":0,"width":0},"url":"https:\/\/www.nargila.cz\/podnikat-bez-sidla-nelze\/","about":["Business"],"wordCount":450,"articleBody":"   margin:0cm m 0cm 8pt&#8220;&gt;Ka\u017ed\u00fd, kdo chce m\u00edt svou firmu, mus\u00ed pro tuto d\u0159\u00edve ne\u017e co jin\u00e9ho za\u0159\u00eddit jej\u00ed s\u00eddlo. Tedy mus\u00ed m\u00edt objekt, ve kter\u00e9m bude takov\u00e1 firma v souladu se z\u00e1konem zaregistrov\u00e1na. A teprve pot\u00e9, co je toto vy\u0159\u00edzeno, se lze podnik\u00e1n\u00ed doopravdy v\u011bnovat.Takov\u00e1 firma pak pot\u0159ebuje sv\u00e9 s\u00eddlo neust\u00e1le. Mus\u00ed b\u00fdt p\u0159ece n\u011bkde k nalezen\u00ed, mus\u00ed tu b\u00fdt mo\u017enost ji n\u011bkde kontaktovat, a to by bez takov\u00e9ho s\u00eddla pochopiteln\u011b ne\u0161lo.A jak\u00e9 m\u00e1 takov\u00e9 s\u00eddlo b\u00fdt? V z\u00e1sad\u011b by se dalo \u0159\u00edci, \u017ee na tom nesejde. Jak\u00fdkoliv objekt, jak\u00e1koliv nemovitost maj\u00edc\u00ed svou adresu by k tomuto \u00fa\u010delu mohla poslou\u017eit. Ale samoz\u0159ejm\u011b s rozd\u00edln\u00fdmi v\u00fdsledky.Kdy\u017e m\u00e1 n\u011bkter\u00fd podnik budovu, kter\u00e1 z nejr\u016fzn\u011bj\u0161\u00edch d\u016fvod\u016f nevzbuzuje pr\u00e1v\u011b p\u0159\u00edli\u0161 d\u016fv\u011bry, kdy\u017e takov\u00e1 firma s\u00eddl\u00ed t\u0159eba na n\u011bjak\u00e9m odlehl\u00e9m a t\u011b\u017eko dostupn\u00e9m m\u00edst\u011b, o kter\u00e9m mnoz\u00ed na\u0161inci t\u0159eba nikdy ani nesly\u0161eli, v objektu, kter\u00fd je na spadnut\u00ed, nic dobr\u00e9ho to o n\u00ed nevypov\u00edd\u00e1. Na rozd\u00edl od firem s\u00eddl\u00edc\u00edch v luxusn\u00edch objektech na zn\u00e1m\u00fdch adres\u00e1ch velk\u00fdch m\u011bst.A proto by m\u011bl ka\u017ed\u00fd podnikatel nejrad\u011bji coby firemn\u00ed s\u00eddlo n\u011bjak\u00fd pra\u017esk\u00fd pal\u00e1c. Co\u017e ale pochopiteln\u011b nen\u00ed mo\u017en\u00e9, proto\u017ee by se takov\u00fd podnikatel nedoplatil a cena podobn\u00e9 budovy by ho mohla zruinovat. Ale p\u0159esto to m\u016f\u017ee aspo\u0148 vypadat tak, jako by jeho firma takov\u00e9 kvalitn\u00ed s\u00eddlo m\u011bla. Pokud si jej\u00ed majitel za\u0159\u00edd\u00ed virtu\u00e1ln\u00ed s\u00eddlo.Ona toti\u017e prov\u00e1z\u00ed takov\u00e9 virtu\u00e1ln\u00ed s\u00eddlo firmy cena, kterou si m\u016f\u017ee dovolit leckdo. A to proto, \u017ee si takov\u00e9 s\u00eddlo vlastn\u011b nikdo ani nekupuje, ani ho nepou\u017e\u00edv\u00e1 ke sv\u00e9 pr\u00e1ci. Takov\u00e9 virtu\u00e1ln\u00ed s\u00eddlo, to je jenom n\u011b\u010d\u00ed objekt, kde si m\u016f\u017ee podnikatel firmu zaregistrovat a kam si m\u016f\u017ee nap\u0159\u00edklad nechat pos\u00edlat po\u0161tu, je\u017e je mu odsud p\u0159epos\u00edl\u00e1na.D\u00edky tomu se ve\u0159ejnosti zd\u00e1, \u017ee tu onen podnik v\u00e1\u017en\u011b s\u00eddl\u00ed na skv\u011bl\u00e9 adrese a zaslou\u017e\u00ed si tedy d\u016fv\u011bru a p\u0159\u00edze\u0148. A z toho lze t\u011b\u017eit. I kdy\u017e se ve skute\u010dnosti nepracuje v onom virtu\u00e1ln\u00edm s\u00eddle, ale n\u011bkde jinde. Kde to ale nen\u00ed navenek tak dokonal\u00e9, a proto se to na odiv neukazuje.                                                                                                                                                                                                                                                                                                                                                                                          5\/5 - (2 votes)        "},{"@context":"https:\/\/schema.org\/","@type":"BreadcrumbList","itemListElement":[{"@type":"ListItem","position":1,"name":"Podnikat bez s\u00eddla nelze","item":"https:\/\/www.nargila.cz\/podnikat-bez-sidla-nelze\/#breadcrumbitem"}]}]