[{"@context":"https:\/\/schema.org\/","@type":"Article","@id":"https:\/\/www.nargila.cz\/pro-profesionaly-v-oboru-profesionalni-zarizeni\/#Article","mainEntityOfPage":"https:\/\/www.nargila.cz\/pro-profesionaly-v-oboru-profesionalni-zarizeni\/","headline":"Pro profesion\u00e1ly v oboru, profesion\u00e1ln\u00ed za\u0159\u00edzen\u00ed","name":"Pro profesion\u00e1ly v oboru, profesion\u00e1ln\u00ed za\u0159\u00edzen\u00ed","description":"Stereotypn\u00ed zam\u011bstn\u00e1n\u00ed, kter\u00e9 v\u00e1s nenapl\u0148uje a kde m\u00e1te pocit, \u017ee va\u0161i pr\u00e1ci nikdo neocen\u00ed. Tak...","datePublished":"2017-06-19","dateModified":"2023-04-29","author":{"@type":"Person","@id":"https:\/\/www.nargila.cz\/author\/#Person","name":"","url":"https:\/\/www.nargila.cz\/author\/","identifier":1,"image":{"@type":"ImageObject","@id":"https:\/\/secure.gravatar.com\/avatar\/591310831c6f562dead2685065c7bfb166baf64da6e0332ad9d0a2e9c6c14446?s=96&d=mm&r=g","url":"https:\/\/secure.gravatar.com\/avatar\/591310831c6f562dead2685065c7bfb166baf64da6e0332ad9d0a2e9c6c14446?s=96&d=mm&r=g","height":96,"width":96}},"publisher":{"@type":"Organization","name":"nargila.cz","logo":{"@type":"ImageObject","@id":"\/logo.png","url":"\/logo.png","width":600,"height":60}},"image":{"@type":"ImageObject","@id":"https:\/\/www.nargila.cz\/wp-content\/uploads\/img_a289089_w1765_t1500463778.jpg","url":"https:\/\/www.nargila.cz\/wp-content\/uploads\/img_a289089_w1765_t1500463778.jpg","height":0,"width":0},"url":"https:\/\/www.nargila.cz\/pro-profesionaly-v-oboru-profesionalni-zarizeni\/","about":["Dovolen\u00e1"],"wordCount":378,"articleBody":"Stereotypn\u00ed zam\u011bstn\u00e1n\u00ed, kter\u00e9 v\u00e1s nenapl\u0148uje a kde m\u00e1te pocit, \u017ee va\u0161i pr\u00e1ci nikdo neocen\u00ed. Tak za\u010d\u00edn\u00e1 p\u0159\u00edb\u011bh mnoh\u00fdch, kte\u0159\u00ed se vydali na dr\u00e1hu soukrom\u00e9ho podnik\u00e1n\u00ed. I vy jste o n\u00ed dlouho uva\u017eovali a \u010dastokr\u00e1te zva\u017eovali v\u0161echna mo\u017en\u00e1 rizika a prob\u00edrali pro a proti s rodinou. Nakonec bylo rozhodnuto a vy jste si pronajali hezkou zavedenou restauraci kousek od va\u0161eho domu. Jste plni nad\u0161en\u00ed a u\u017e se nem\u016f\u017eete do\u010dkat, jak budete nov\u00fd provoz otev\u00edrat. Chyst\u00e1te spoustu zm\u011bn a m\u00e1te mnoho n\u00e1pad\u016f, jak z m\u00edsta, kter\u00e9 bylo \u010dasto nav\u0161t\u011bvovan\u00e9, ud\u011blat nejvyhled\u00e1van\u011bj\u0161\u00ed podnik v okol\u00ed. Samoz\u0159ejm\u011b \u017ee v\u00edte, \u017ee pouh\u00e9 nad\u0161en\u00ed a l\u00e1ska k oboru nebude sta\u010dit. V prvn\u00ed \u0159ad\u011b je t\u0159eba provozovnu perfektn\u011b vybavit a nakoupit v\u0161echno pot\u0159ebn\u00e9. Dobr\u00e9 j\u00eddlo jist\u011b nevznikne v nedostate\u010dn\u011b za\u0159\u00edzen\u00e9 kuchyni a va\u0161emu person\u00e1lu se bude pracovat mnohem pohodln\u011bji a efektivn\u011bji, pokud jim d\u00e1te k dispozici v\u00fdkonn\u00e9 profesion\u00e1ln\u00ed spot\u0159ebi\u010de a za\u0159izovac\u00ed p\u0159edm\u011bty. Je t\u0159eba myslet i na to, \u017ee nen\u00ed jednoduch\u00e9 splnit ve\u0161ker\u00e9 hygienick\u00e9 normy a p\u0159edpisy. Modern\u00ed za\u0159\u00edzen\u00ed v\u0161ak odvede velkou \u010d\u00e1st pr\u00e1ce za v\u00e1s. Srdcem ka\u017ed\u00e9 kuchyn\u011b je bezesporu varn\u00e9 centrum, ale neobejdete se ani bez gastro lednice a cel\u00e9 \u0159ady ostatn\u00edch spot\u0159ebi\u010d\u016f a pomocn\u00edk\u016f. V na\u0161\u00ed nab\u00eddce naleznete v\u0161e pot\u0159ebn\u00e9, abyste dok\u00e1zali svou provozovnu vybavit dle sou\u010dasn\u00fdch hygienick\u00fdch norem, ale i modern\u00edch trend\u016f. Pohodln\u00e1 obsluha spot\u0159ebi\u010d\u016f a jejich jednoduch\u00e1 \u00fadr\u017eba zajist\u00ed, \u017ee z va\u0161\u00ed kuchyn\u011b budou host\u016fm proudit jen ty nejlep\u0161\u00ed pokrmy. R\u00e1di v\u00e1m zpracujeme podrobnou nab\u00eddku a porad\u00edme v\u00e1m s v\u00fdb\u011brem. Vybrali jste si obor, kter\u00fd p\u0159in\u00e1\u0161\u00ed ostatn\u00edm lidem radost a p\u0159\u00edjemn\u00fd z\u00e1\u017eitek. Jsme r\u00e1di, \u017ee m\u016f\u017eeme b\u00fdt sou\u010d\u00e1st\u00ed a pomoci v\u00e1m se za\u0159\u00edzen\u00edm va\u0161\u00ed nov\u00e9 restaurace, nebo s renovac\u00ed star\u00e9ho vybaven\u00ed a jeho nahrazen\u00edm modern\u00edmi p\u0159\u00edstroji.                                                                                                                                                                                                                                                                                                                                                                                        4.5\/5 - (2 votes)        "},{"@context":"https:\/\/schema.org\/","@type":"BreadcrumbList","itemListElement":[{"@type":"ListItem","position":1,"name":"Pro profesion\u00e1ly v oboru, profesion\u00e1ln\u00ed za\u0159\u00edzen\u00ed","item":"https:\/\/www.nargila.cz\/pro-profesionaly-v-oboru-profesionalni-zarizeni\/#breadcrumbitem"}]}]