[{"@context":"https:\/\/schema.org\/","@type":"Article","@id":"https:\/\/www.nargila.cz\/zamerte-se-na-to-dulezite\/#Article","mainEntityOfPage":"https:\/\/www.nargila.cz\/zamerte-se-na-to-dulezite\/","headline":"Zam\u011b\u0159te se na to d\u016fle\u017eit\u00e9","name":"Zam\u011b\u0159te se na to d\u016fle\u017eit\u00e9","description":"Mnoz\u00ed lid\u00e9 tr\u00e1v\u00ed v kancel\u00e1\u0159\u00edch velk\u00e9 mno\u017estv\u00ed \u010dasu. Je tedy jasn\u00e9, \u017ee by kancel\u00e1\u0159e m\u011bly...","datePublished":"2023-04-29","dateModified":"2023-04-29","author":{"@type":"Person","@id":"https:\/\/www.nargila.cz\/author\/#Person","name":"","url":"https:\/\/www.nargila.cz\/author\/","identifier":1,"image":{"@type":"ImageObject","@id":"https:\/\/secure.gravatar.com\/avatar\/591310831c6f562dead2685065c7bfb166baf64da6e0332ad9d0a2e9c6c14446?s=96&d=mm&r=g","url":"https:\/\/secure.gravatar.com\/avatar\/591310831c6f562dead2685065c7bfb166baf64da6e0332ad9d0a2e9c6c14446?s=96&d=mm&r=g","height":96,"width":96}},"publisher":{"@type":"Organization","name":"nargila.cz","logo":{"@type":"ImageObject","@id":"\/logo.png","url":"\/logo.png","width":600,"height":60}},"url":"https:\/\/www.nargila.cz\/zamerte-se-na-to-dulezite\/","about":["N\u00e1kupy"],"wordCount":385,"articleBody":"Mnoz\u00ed lid\u00e9 tr\u00e1v\u00ed v kancel\u00e1\u0159\u00edch velk\u00e9 mno\u017estv\u00ed \u010dasu. Je tedy jasn\u00e9, \u017ee by kancel\u00e1\u0159e m\u011bly b\u00fdt za\u0159\u00edzen\u00e9 tak, aby byl \u010das str\u00e1ven\u00fdch v nich co nejp\u0159\u00edjemn\u011bj\u0161\u00ed. Nejde ale pouze o pohodl\u00ed, ale je nutn\u00e9 tak\u00e9 hledat ur\u010ditou rovnov\u00e1hu mezi pohodl\u00edm a praktickou str\u00e1nkou, kter\u00e1 by zaru\u010den\u011b nem\u011bla b\u00fdt zanedb\u00e1v\u00e1na. Na co si tedy p\u0159i za\u0159izov\u00e1n\u00ed kancel\u00e1\u0159e d\u00e1t pozor?&#13; Lep\u0161\u00ed pocit pro lep\u0161\u00ed pracovn\u00ed v\u00fdkony&#13; Kdy\u017e si d\u00e1te na za\u0159izov\u00e1n\u00ed z\u00e1le\u017eet, tak si m\u016f\u017eete b\u00fdt jist\u00ed t\u00edm, \u017ee neud\u011bl\u00e1te chybu. Jednou z nejd\u016fle\u017eit\u011bj\u0161\u00edch v\u011bc\u00ed ka\u017ed\u00e9 kancel\u00e1\u0159e je st\u016fl. Ten by m\u011bl b\u00fdt dostate\u010dn\u00fd prostorn\u00fd, v p\u0159\u00edpad\u011b pot\u0159eby poskytovat dostate\u010dn\u00e9 mno\u017estv\u00ed \u00falo\u017en\u00fdch prostor. M\u011bl by b\u00fdt vhodn\u00fd k pr\u00e1ci, proto nen\u00ed od v\u011bci myslet na to, aby v\u00fd\u0161kov\u011b vyhovoval tomu, kdo za n\u00edm bude pracovat.&#13; Dal\u0161\u00edm velice d\u016fle\u017eit\u00fdm prvkem ka\u017ed\u00e9 kancel\u00e1\u0159e je \u017eidle. Kdy\u017e u\u017e v n\u00ed m\u00e1 \u010dlov\u011bk sed\u011bt t\u00e9m\u011b\u0159 cel\u00fd den, m\u011bla by b\u00fdt pohodln\u00e1 a dostate\u010dn\u011b praktick\u00e1, aby poskytovala ka\u017ed\u00e9mu zam\u011bstnanci jenom to nejlep\u0161\u00ed.Myslete tak\u00e9 prakticky&#13; Je jasn\u00e9, \u017ee je d\u016fle\u017eit\u00e9, aby byla kancel\u00e1\u0159 za\u0159\u00edzena p\u0159\u00edjemn\u011b a pohodln\u011b, je ale nutn\u00e9 myslet tak\u00e9 na to, \u017ee se jedn\u00e1 o m\u00edstnost, u n\u00ed\u017e hraje velice d\u016fle\u017eitou roli tak\u00e9 prakti\u010dnost. Praktick\u00e1 str\u00e1nka by tedy nem\u011bla b\u00fdt podce\u0148ov\u00e1na, proto\u017ee by se jinak mohlo st\u00e1t, \u017ee V\u00e1m pr\u00e1ce nep\u016fjde tak dob\u0159e od ruky. V p\u0159\u00edpad\u011b pot\u0159eby je tedy nutn\u00e9 po\u0159\u00eddit r\u016fzn\u00e9 sk\u0159\u00edn\u011b \u010di kartot\u00e9ky, do kter\u00fdch budete moct ukl\u00e1dat ve\u0161ker\u00e9 dokumenty, a v p\u0159\u00edpad\u011b pot\u0159eby je budete moct op\u011bt bez probl\u00e9m\u016f naj\u00edt.&#13; Nab\u00eddka kancel\u00e1\u0159sk\u00e9ho n\u00e1bytku je tedy n\u011b\u010d\u00edm, co by mohlo zaujmout i V\u00e1s. Dejte si tedy na v\u00fdb\u011bru po\u0159\u00e1dn\u011b z\u00e1le\u017eet, rozhodn\u011b se V\u00e1m to vyplat\u00ed.                                                                                                                                                                                                                                                                                                                                                                                        3\/5 - (2 votes)        "},{"@context":"https:\/\/schema.org\/","@type":"BreadcrumbList","itemListElement":[{"@type":"ListItem","position":1,"name":"Zam\u011b\u0159te se na to d\u016fle\u017eit\u00e9","item":"https:\/\/www.nargila.cz\/zamerte-se-na-to-dulezite\/#breadcrumbitem"}]}]